{"id":5377,"date":"2022-09-14T20:33:29","date_gmt":"2022-09-14T18:33:29","guid":{"rendered":"https:\/\/www.zjednotenizamier.sk\/?p=5377"},"modified":"2022-09-14T20:56:24","modified_gmt":"2022-09-14T18:56:24","slug":"governments-have-done-nothing-for-diplomacy-a-peace-march-is-on-its-way","status":"publish","type":"post","link":"https:\/\/www.zjednotenizamier.sk\/en\/governments-have-done-nothing-for-diplomacy-a-peace-march-is-on-its-way\/","title":{"rendered":"Governments have done nothing for diplomacy, a peace march is on its way"},"content":{"rendered":"\n<p class=\"has-text-align-center\"><strong><u>(Press Release)<\/u><\/strong><\/p>\n\n\n\n<p>Forty figures from social, scientific and cultural life from both Slovakia and the Czech Republic have today signed an appeal to the governments and heads of state of both countries to exert maximum pressure for   diplomatic solution to the conflict instead of sending weapons, prolonging the war and further bloodshed. They emphasize that the start of negotiations is not a justification for war crimes. &#8220;Negotiations do not mean dictating Ukraine&#8217;s surrender. And negotiation does not mean ignoring the wishes of the parties. Negotiations are a necessary means to achieve a ceasefire, to prevent further suffering and the spread of conflict. Every additional day of war means hundreds more victims dying for goals that are less and less realistic&#8230; Europe&#8217;s first concern must be to restore peace on the continent, and to do this it must elaborate a strategy to bring the war to an end as soon as possible. Continuing the war is not and must not be the solution to the problem,&#8221; the statement said.<\/p>\n\n\n\n<p>The signatories of the call point out that the 2021 National Values Survey ranked in the first place namely peace as the most important desired value. They also recall that just a year ago, Pope Francis in Bratislava called on Slovakia to become &#8220;a message of peace at the heart of Europe&#8221;, but our politicians have done nothing to fulfil this vision. Therefore, they should start acting on behalf of the citizens and take diplomatic action to stop the bloodshed and promote peace.<\/p>\n\n\n\n<p>The peace call &#8220;<strong>Peace First<\/strong>!&#8221; was initiated by Eduard Chmel\u00e1r, President of the civic association United for Peace. Its signatories are, among others, the former President of the UN General Assembly and former Minister of Foreign Affairs of the Czech Republic &#8211; Jan Kavan, former President of the Slovak Republic &#8211; Ivan Ga\u0161parovi\u010d, former President of the Slovak Parliament and Ambassador to Ukraine and Belarus &#8211; Jozef Miga\u0161, former Deputy Minister of Foreign Affairs of the Czech Republic &#8211; Petr Drul\u00e1k, , actresses &#8211; M\u00e1ria Kr\u00e1\u013eovi\u010dov\u00e1 and Bo\u017eidara Turzonov\u00e1, writers &#8211; Jozef Ban\u00e1\u0161, Etela Farka\u0161ov\u00e1 and Anton Hykisch, composer &#8211; Vladim\u00edr God\u00e1r, film director &#8211; Eduard Gre\u010dner, artist &#8211; Ivan Popovi\u010d and musician &#8211; Mari\u00e1n Greksa.<\/p>\n\n\n\n<p>The call is an invitation to the peace march for peace in Ukraine through diplomatic channels, which will take place on World Peace Day, Wednesday 21 September 2022, starting at 5 p.m. at Hod\u017eovo Square in Bratislava.<\/p>\n\n\n\n<figure class=\"wp-block-gallery has-nested-images columns-default is-cropped\">\n<figure class=\"wp-block-image size-large\"><img loading=\"lazy\" width=\"722\" height=\"1024\" data-id=\"5389\"  src=\"https:\/\/www.zjednotenizamier.sk\/wp-content\/uploads\/2022\/09\/letak_pochod_Print-final-3-722x1024.png\" alt=\"\" class=\"wp-image-5389\" srcset=\"https:\/\/www.zjednotenizamier.sk\/wp-content\/uploads\/2022\/09\/letak_pochod_Print-final-3-722x1024.png 722w, https:\/\/www.zjednotenizamier.sk\/wp-content\/uploads\/2022\/09\/letak_pochod_Print-final-3-211x300.png 211w, https:\/\/www.zjednotenizamier.sk\/wp-content\/uploads\/2022\/09\/letak_pochod_Print-final-3-768x1090.png 768w, https:\/\/www.zjednotenizamier.sk\/wp-content\/uploads\/2022\/09\/letak_pochod_Print-final-3-1083x1536.png 1083w, https:\/\/www.zjednotenizamier.sk\/wp-content\/uploads\/2022\/09\/letak_pochod_Print-final-3-1444x2048.png 1444w, https:\/\/www.zjednotenizamier.sk\/wp-content\/uploads\/2022\/09\/letak_pochod_Print-final-3.png 1748w\" sizes=\"(max-width: 722px) 100vw, 722px\" \/><\/figure>\n<\/figure>\n","protected":false},"excerpt":{"rendered":"<p>(Press Release) Forty figures from social, scientific and cultural life from both Slovakia and the Czech Republic have today signed an appeal to the governments and heads of state of both countries to exert maximum pressure for diplomatic solution to the conflict instead of sending weapons, prolonging the war and further bloodshed. They emphasize that [&hellip;]<\/p>\n","protected":false},"author":3,"featured_media":5331,"comment_status":"open","ping_status":"open","sticky":false,"template":"","format":"standard","meta":[],"categories":[79,77,78],"tags":[],"_links":{"self":[{"href":"https:\/\/www.zjednotenizamier.sk\/en\/wp-json\/wp\/v2\/posts\/5377"}],"collection":[{"href":"https:\/\/www.zjednotenizamier.sk\/en\/wp-json\/wp\/v2\/posts"}],"about":[{"href":"https:\/\/www.zjednotenizamier.sk\/en\/wp-json\/wp\/v2\/types\/post"}],"author":[{"embeddable":true,"href":"https:\/\/www.zjednotenizamier.sk\/en\/wp-json\/wp\/v2\/users\/3"}],"replies":[{"embeddable":true,"href":"https:\/\/www.zjednotenizamier.sk\/en\/wp-json\/wp\/v2\/comments?post=5377"}],"version-history":[{"count":3,"href":"https:\/\/www.zjednotenizamier.sk\/en\/wp-json\/wp\/v2\/posts\/5377\/revisions"}],"predecessor-version":[{"id":5397,"href":"https:\/\/www.zjednotenizamier.sk\/en\/wp-json\/wp\/v2\/posts\/5377\/revisions\/5397"}],"wp:featuredmedia":[{"embeddable":true,"href":"https:\/\/www.zjednotenizamier.sk\/en\/wp-json\/wp\/v2\/media\/5331"}],"wp:attachment":[{"href":"https:\/\/www.zjednotenizamier.sk\/en\/wp-json\/wp\/v2\/media?parent=5377"}],"wp:term":[{"taxonomy":"category","embeddable":true,"href":"https:\/\/www.zjednotenizamier.sk\/en\/wp-json\/wp\/v2\/categories?post=5377"},{"taxonomy":"post_tag","embeddable":true,"href":"https:\/\/www.zjednotenizamier.sk\/en\/wp-json\/wp\/v2\/tags?post=5377"}],"curies":[{"name":"wp","href":"https:\/\/api.w.org\/{rel}","templated":true}]}}